{"id":37708,"date":"2023-04-05T10:56:49","date_gmt":"2023-04-05T08:56:49","guid":{"rendered":"https:\/\/www.akl.be\/?p=37708"},"modified":"2023-05-30T09:23:33","modified_gmt":"2023-05-30T07:23:33","slug":"fermeture-du-laboratoire-lundi-de-paques","status":"publish","type":"post","link":"https:\/\/www.akl.be\/fr\/fermeture-du-laboratoire-lundi-de-paques\/","title":{"rendered":"Fermeture du laboratoire \u2013 Lundi de P\u00e2ques"},"content":{"rendered":"<div class=\"wpb-content-wrapper\"><p>[vc_row css=&#8221;.vc_custom_1602579700420{margin-bottom: 35px !important;padding-bottom: 4% !important;}&#8221;][vc_column width=&#8221;1\/2&#8243;][vc_column_text el_class=&#8221;list-plus&#8221;]Le laboratoire sera ferm\u00e9 le lundi 10 avril 2023 (lundi de P\u00e2ques).<\/p>\n<p>Pour des \u00e9chantillons urgents vous pouvez toujours contacter notre service de garde via le num\u00e9ro de t\u00e9l\u00e9phone habituel.[\/vc_column_text][\/vc_column][vc_column width=&#8221;1\/2&#8243;][vc_single_image image=&#8221;37709&#8243; img_size=&#8221;full&#8221; style=&#8221;vc_box_rounded&#8221;][\/vc_column][\/vc_row]<\/p>\n<\/div>","protected":false},"excerpt":{"rendered":"<p>Le laboratoire sera ferm\u00e9 le lundi 10 avril 2023 (lundi de P\u00e2ques).<\/p>\n","protected":false},"author":4,"featured_media":37709,"comment_status":"closed","ping_status":"closed","sticky":false,"template":"","format":"standard","meta":{"_acf_changed":false,"footnotes":""},"categories":[227,261,262,263],"tags":[],"class_list":["post-37708","post","type-post","status-publish","format-standard","has-post-thumbnail","hentry","category-home2-fr","category-home2fr-7","category-informations-6","category-nouvelles-12"],"acf":[],"yoast_head":"<!-- This site is optimized with the Yoast SEO plugin v26.7 - https:\/\/yoast.com\/wordpress\/plugins\/seo\/ -->\n<title>Fermeture du laboratoire \u2013 Lundi de P\u00e2ques - Akl<\/title>\n<meta name=\"robots\" content=\"index, follow, max-snippet:-1, max-image-preview:large, max-video-preview:-1\" \/>\n<link rel=\"canonical\" href=\"https:\/\/www.akl.be\/fr\/fermeture-du-laboratoire-lundi-de-paques\/\" \/>\n<meta property=\"og:locale\" content=\"fr_FR\" \/>\n<meta property=\"og:type\" content=\"article\" \/>\n<meta property=\"og:title\" content=\"Fermeture du laboratoire \u2013 Lundi de P\u00e2ques - Akl\" \/>\n<meta property=\"og:description\" content=\"Le laboratoire sera ferm\u00e9 le lundi 10 avril 2023 (lundi de P\u00e2ques).\" \/>\n<meta property=\"og:url\" content=\"https:\/\/www.akl.be\/fr\/fermeture-du-laboratoire-lundi-de-paques\/\" \/>\n<meta property=\"og:site_name\" content=\"Akl\" \/>\n<meta property=\"article:published_time\" content=\"2023-04-05T08:56:49+00:00\" \/>\n<meta property=\"article:modified_time\" content=\"2023-05-30T07:23:33+00:00\" \/>\n<meta property=\"og:image\" content=\"https:\/\/www.akl.be\/wp-content\/uploads\/sites\/4\/2021\/04\/Konijn-Pasen-scaled.jpg\" \/>\n\t<meta property=\"og:image:width\" content=\"2560\" \/>\n\t<meta property=\"og:image:height\" content=\"1280\" \/>\n\t<meta property=\"og:image:type\" content=\"image\/jpeg\" \/>\n<meta name=\"author\" content=\"laurensadeblieck\" \/>\n<meta name=\"twitter:card\" content=\"summary_large_image\" \/>\n<script type=\"application\/ld+json\" class=\"yoast-schema-graph\">{\"@context\":\"https:\/\/schema.org\",\"@graph\":[{\"@type\":\"Article\",\"@id\":\"https:\/\/www.akl.be\/fr\/fermeture-du-laboratoire-lundi-de-paques\/#article\",\"isPartOf\":{\"@id\":\"https:\/\/www.akl.be\/fr\/fermeture-du-laboratoire-lundi-de-paques\/\"},\"author\":{\"name\":\"laurensadeblieck\",\"@id\":\"https:\/\/www.akl.be\/nl\/#\/schema\/person\/8e97ca337c53f932fd80cca746b69620\"},\"headline\":\"Fermeture du laboratoire \u2013 Lundi de P\u00e2ques\",\"datePublished\":\"2023-04-05T08:56:49+00:00\",\"dateModified\":\"2023-05-30T07:23:33+00:00\",\"mainEntityOfPage\":{\"@id\":\"https:\/\/www.akl.be\/fr\/fermeture-du-laboratoire-lundi-de-paques\/\"},\"wordCount\":81,\"publisher\":{\"@id\":\"https:\/\/www.akl.be\/nl\/#organization\"},\"image\":{\"@id\":\"https:\/\/www.akl.be\/fr\/fermeture-du-laboratoire-lundi-de-paques\/#primaryimage\"},\"thumbnailUrl\":\"https:\/\/www.akl.be\/wp-content\/uploads\/sites\/4\/2021\/04\/Konijn-Pasen-scaled.jpg\",\"articleSection\":[\"Home2\",\"home2FR\",\"Informations\",\"Nouvelles\"],\"inLanguage\":\"fr-FR\"},{\"@type\":\"WebPage\",\"@id\":\"https:\/\/www.akl.be\/fr\/fermeture-du-laboratoire-lundi-de-paques\/\",\"url\":\"https:\/\/www.akl.be\/fr\/fermeture-du-laboratoire-lundi-de-paques\/\",\"name\":\"Fermeture du laboratoire \u2013 Lundi de P\u00e2ques - Akl\",\"isPartOf\":{\"@id\":\"https:\/\/www.akl.be\/nl\/#website\"},\"primaryImageOfPage\":{\"@id\":\"https:\/\/www.akl.be\/fr\/fermeture-du-laboratoire-lundi-de-paques\/#primaryimage\"},\"image\":{\"@id\":\"https:\/\/www.akl.be\/fr\/fermeture-du-laboratoire-lundi-de-paques\/#primaryimage\"},\"thumbnailUrl\":\"https:\/\/www.akl.be\/wp-content\/uploads\/sites\/4\/2021\/04\/Konijn-Pasen-scaled.jpg\",\"datePublished\":\"2023-04-05T08:56:49+00:00\",\"dateModified\":\"2023-05-30T07:23:33+00:00\",\"breadcrumb\":{\"@id\":\"https:\/\/www.akl.be\/fr\/fermeture-du-laboratoire-lundi-de-paques\/#breadcrumb\"},\"inLanguage\":\"fr-FR\",\"potentialAction\":[{\"@type\":\"ReadAction\",\"target\":[\"https:\/\/www.akl.be\/fr\/fermeture-du-laboratoire-lundi-de-paques\/\"]}]},{\"@type\":\"ImageObject\",\"inLanguage\":\"fr-FR\",\"@id\":\"https:\/\/www.akl.be\/fr\/fermeture-du-laboratoire-lundi-de-paques\/#primaryimage\",\"url\":\"https:\/\/www.akl.be\/wp-content\/uploads\/sites\/4\/2021\/04\/Konijn-Pasen-scaled.jpg\",\"contentUrl\":\"https:\/\/www.akl.be\/wp-content\/uploads\/sites\/4\/2021\/04\/Konijn-Pasen-scaled.jpg\",\"width\":2560,\"height\":1280},{\"@type\":\"BreadcrumbList\",\"@id\":\"https:\/\/www.akl.be\/fr\/fermeture-du-laboratoire-lundi-de-paques\/#breadcrumb\",\"itemListElement\":[{\"@type\":\"ListItem\",\"position\":1,\"name\":\"HOME\",\"item\":\"https:\/\/www.akl.be\/fr\/\"},{\"@type\":\"ListItem\",\"position\":2,\"name\":\"Fermeture du laboratoire \u2013 Lundi de P\u00e2ques\"}]},{\"@type\":\"WebSite\",\"@id\":\"https:\/\/www.akl.be\/nl\/#website\",\"url\":\"https:\/\/www.akl.be\/nl\/\",\"name\":\"Akl\",\"description\":\"Medische analysen\",\"publisher\":{\"@id\":\"https:\/\/www.akl.be\/nl\/#organization\"},\"potentialAction\":[{\"@type\":\"SearchAction\",\"target\":{\"@type\":\"EntryPoint\",\"urlTemplate\":\"https:\/\/www.akl.be\/nl\/?s={search_term_string}\"},\"query-input\":{\"@type\":\"PropertyValueSpecification\",\"valueRequired\":true,\"valueName\":\"search_term_string\"}}],\"inLanguage\":\"fr-FR\"},{\"@type\":\"Organization\",\"@id\":\"https:\/\/www.akl.be\/nl\/#organization\",\"name\":\"AKL\",\"url\":\"https:\/\/www.akl.be\/nl\/\",\"logo\":{\"@type\":\"ImageObject\",\"inLanguage\":\"fr-FR\",\"@id\":\"https:\/\/www.akl.be\/nl\/#\/schema\/logo\/image\/\",\"url\":\"https:\/\/www.akl.be\/wp-content\/uploads\/sites\/4\/2023\/05\/Akl-medisch-labo-logo@2x.png\",\"contentUrl\":\"https:\/\/www.akl.be\/wp-content\/uploads\/sites\/4\/2023\/05\/Akl-medisch-labo-logo@2x.png\",\"width\":500,\"height\":196,\"caption\":\"AKL\"},\"image\":{\"@id\":\"https:\/\/www.akl.be\/nl\/#\/schema\/logo\/image\/\"}},{\"@type\":\"Person\",\"@id\":\"https:\/\/www.akl.be\/nl\/#\/schema\/person\/8e97ca337c53f932fd80cca746b69620\",\"name\":\"laurensadeblieck\",\"image\":{\"@type\":\"ImageObject\",\"inLanguage\":\"fr-FR\",\"@id\":\"https:\/\/www.akl.be\/nl\/#\/schema\/person\/image\/\",\"url\":\"https:\/\/secure.gravatar.com\/avatar\/cd67424b445b364e6c2ad4f2f3b04bcc?s=96&d=mm&r=g\",\"contentUrl\":\"https:\/\/secure.gravatar.com\/avatar\/cd67424b445b364e6c2ad4f2f3b04bcc?s=96&d=mm&r=g\",\"caption\":\"laurensadeblieck\"}}]}<\/script>\n<!-- \/ Yoast SEO plugin. -->","yoast_head_json":{"title":"Fermeture du laboratoire \u2013 Lundi de P\u00e2ques - Akl","robots":{"index":"index","follow":"follow","max-snippet":"max-snippet:-1","max-image-preview":"max-image-preview:large","max-video-preview":"max-video-preview:-1"},"canonical":"https:\/\/www.akl.be\/fr\/fermeture-du-laboratoire-lundi-de-paques\/","og_locale":"fr_FR","og_type":"article","og_title":"Fermeture du laboratoire \u2013 Lundi de P\u00e2ques - Akl","og_description":"Le laboratoire sera ferm\u00e9 le lundi 10 avril 2023 (lundi de P\u00e2ques).","og_url":"https:\/\/www.akl.be\/fr\/fermeture-du-laboratoire-lundi-de-paques\/","og_site_name":"Akl","article_published_time":"2023-04-05T08:56:49+00:00","article_modified_time":"2023-05-30T07:23:33+00:00","og_image":[{"width":2560,"height":1280,"url":"https:\/\/www.akl.be\/wp-content\/uploads\/sites\/4\/2021\/04\/Konijn-Pasen-scaled.jpg","type":"image\/jpeg"}],"author":"laurensadeblieck","twitter_card":"summary_large_image","schema":{"@context":"https:\/\/schema.org","@graph":[{"@type":"Article","@id":"https:\/\/www.akl.be\/fr\/fermeture-du-laboratoire-lundi-de-paques\/#article","isPartOf":{"@id":"https:\/\/www.akl.be\/fr\/fermeture-du-laboratoire-lundi-de-paques\/"},"author":{"name":"laurensadeblieck","@id":"https:\/\/www.akl.be\/nl\/#\/schema\/person\/8e97ca337c53f932fd80cca746b69620"},"headline":"Fermeture du laboratoire \u2013 Lundi de P\u00e2ques","datePublished":"2023-04-05T08:56:49+00:00","dateModified":"2023-05-30T07:23:33+00:00","mainEntityOfPage":{"@id":"https:\/\/www.akl.be\/fr\/fermeture-du-laboratoire-lundi-de-paques\/"},"wordCount":81,"publisher":{"@id":"https:\/\/www.akl.be\/nl\/#organization"},"image":{"@id":"https:\/\/www.akl.be\/fr\/fermeture-du-laboratoire-lundi-de-paques\/#primaryimage"},"thumbnailUrl":"https:\/\/www.akl.be\/wp-content\/uploads\/sites\/4\/2021\/04\/Konijn-Pasen-scaled.jpg","articleSection":["Home2","home2FR","Informations","Nouvelles"],"inLanguage":"fr-FR"},{"@type":"WebPage","@id":"https:\/\/www.akl.be\/fr\/fermeture-du-laboratoire-lundi-de-paques\/","url":"https:\/\/www.akl.be\/fr\/fermeture-du-laboratoire-lundi-de-paques\/","name":"Fermeture du laboratoire \u2013 Lundi de P\u00e2ques - Akl","isPartOf":{"@id":"https:\/\/www.akl.be\/nl\/#website"},"primaryImageOfPage":{"@id":"https:\/\/www.akl.be\/fr\/fermeture-du-laboratoire-lundi-de-paques\/#primaryimage"},"image":{"@id":"https:\/\/www.akl.be\/fr\/fermeture-du-laboratoire-lundi-de-paques\/#primaryimage"},"thumbnailUrl":"https:\/\/www.akl.be\/wp-content\/uploads\/sites\/4\/2021\/04\/Konijn-Pasen-scaled.jpg","datePublished":"2023-04-05T08:56:49+00:00","dateModified":"2023-05-30T07:23:33+00:00","breadcrumb":{"@id":"https:\/\/www.akl.be\/fr\/fermeture-du-laboratoire-lundi-de-paques\/#breadcrumb"},"inLanguage":"fr-FR","potentialAction":[{"@type":"ReadAction","target":["https:\/\/www.akl.be\/fr\/fermeture-du-laboratoire-lundi-de-paques\/"]}]},{"@type":"ImageObject","inLanguage":"fr-FR","@id":"https:\/\/www.akl.be\/fr\/fermeture-du-laboratoire-lundi-de-paques\/#primaryimage","url":"https:\/\/www.akl.be\/wp-content\/uploads\/sites\/4\/2021\/04\/Konijn-Pasen-scaled.jpg","contentUrl":"https:\/\/www.akl.be\/wp-content\/uploads\/sites\/4\/2021\/04\/Konijn-Pasen-scaled.jpg","width":2560,"height":1280},{"@type":"BreadcrumbList","@id":"https:\/\/www.akl.be\/fr\/fermeture-du-laboratoire-lundi-de-paques\/#breadcrumb","itemListElement":[{"@type":"ListItem","position":1,"name":"HOME","item":"https:\/\/www.akl.be\/fr\/"},{"@type":"ListItem","position":2,"name":"Fermeture du laboratoire \u2013 Lundi de P\u00e2ques"}]},{"@type":"WebSite","@id":"https:\/\/www.akl.be\/nl\/#website","url":"https:\/\/www.akl.be\/nl\/","name":"Akl","description":"Medische analysen","publisher":{"@id":"https:\/\/www.akl.be\/nl\/#organization"},"potentialAction":[{"@type":"SearchAction","target":{"@type":"EntryPoint","urlTemplate":"https:\/\/www.akl.be\/nl\/?s={search_term_string}"},"query-input":{"@type":"PropertyValueSpecification","valueRequired":true,"valueName":"search_term_string"}}],"inLanguage":"fr-FR"},{"@type":"Organization","@id":"https:\/\/www.akl.be\/nl\/#organization","name":"AKL","url":"https:\/\/www.akl.be\/nl\/","logo":{"@type":"ImageObject","inLanguage":"fr-FR","@id":"https:\/\/www.akl.be\/nl\/#\/schema\/logo\/image\/","url":"https:\/\/www.akl.be\/wp-content\/uploads\/sites\/4\/2023\/05\/Akl-medisch-labo-logo@2x.png","contentUrl":"https:\/\/www.akl.be\/wp-content\/uploads\/sites\/4\/2023\/05\/Akl-medisch-labo-logo@2x.png","width":500,"height":196,"caption":"AKL"},"image":{"@id":"https:\/\/www.akl.be\/nl\/#\/schema\/logo\/image\/"}},{"@type":"Person","@id":"https:\/\/www.akl.be\/nl\/#\/schema\/person\/8e97ca337c53f932fd80cca746b69620","name":"laurensadeblieck","image":{"@type":"ImageObject","inLanguage":"fr-FR","@id":"https:\/\/www.akl.be\/nl\/#\/schema\/person\/image\/","url":"https:\/\/secure.gravatar.com\/avatar\/cd67424b445b364e6c2ad4f2f3b04bcc?s=96&d=mm&r=g","contentUrl":"https:\/\/secure.gravatar.com\/avatar\/cd67424b445b364e6c2ad4f2f3b04bcc?s=96&d=mm&r=g","caption":"laurensadeblieck"}}]}},"_links":{"self":[{"href":"https:\/\/www.akl.be\/fr\/wp-json\/wp\/v2\/posts\/37708","targetHints":{"allow":["GET"]}}],"collection":[{"href":"https:\/\/www.akl.be\/fr\/wp-json\/wp\/v2\/posts"}],"about":[{"href":"https:\/\/www.akl.be\/fr\/wp-json\/wp\/v2\/types\/post"}],"author":[{"embeddable":true,"href":"https:\/\/www.akl.be\/fr\/wp-json\/wp\/v2\/users\/4"}],"replies":[{"embeddable":true,"href":"https:\/\/www.akl.be\/fr\/wp-json\/wp\/v2\/comments?post=37708"}],"version-history":[{"count":2,"href":"https:\/\/www.akl.be\/fr\/wp-json\/wp\/v2\/posts\/37708\/revisions"}],"predecessor-version":[{"id":38236,"href":"https:\/\/www.akl.be\/fr\/wp-json\/wp\/v2\/posts\/37708\/revisions\/38236"}],"wp:featuredmedia":[{"embeddable":true,"href":"https:\/\/www.akl.be\/fr\/wp-json\/wp\/v2\/media\/37709"}],"wp:attachment":[{"href":"https:\/\/www.akl.be\/fr\/wp-json\/wp\/v2\/media?parent=37708"}],"wp:term":[{"taxonomy":"category","embeddable":true,"href":"https:\/\/www.akl.be\/fr\/wp-json\/wp\/v2\/categories?post=37708"},{"taxonomy":"post_tag","embeddable":true,"href":"https:\/\/www.akl.be\/fr\/wp-json\/wp\/v2\/tags?post=37708"}],"curies":[{"name":"wp","href":"https:\/\/api.w.org\/{rel}","templated":true}]}}